[{"@context":"https:\/\/schema.org\/","@type":"Article","@id":"https:\/\/www.koora.cz\/chcete-se-citit-jako-u-more\/#Article","mainEntityOfPage":"https:\/\/www.koora.cz\/chcete-se-citit-jako-u-more\/","headline":"Chcete se c\u00edtit jako u mo\u0159e?","name":"Chcete se c\u00edtit jako u mo\u0159e?","description":"Tak\u00e9 se r\u00e1di koupete venku, kdy\u017e je k tomu vhodn\u00e9 po\u010das\u00ed? Nediv\u00edm se v\u00e1m. Tak\u00e9 to r\u00e1d d\u011bl\u00e1m, kdykoliv m\u00e1m p\u0159\u00edle\u017eitost. D\u011bl\u00e1m to tak u\u017e odmala, kdy jsme jezdili s rodi\u010di na kole k Lipnu, d\u011blal jsem to je\u0161t\u011b rad\u011bji, kdy\u017e jsem pak za\u010dal s\u00e1m jezdit k mo\u0159i, a dnes to d\u011bl\u00e1m mo\u017en\u00e1 je\u0161t\u011b rad\u011bji ne\u017e tehdy. A pro\u010d se dnes chod\u00edm koupat ven mo\u017en\u00e1 je\u0161t\u011b rad\u011bji ne\u017e tehdy? Pochopiteln\u011b proto, \u017ee do\u0161lo k ur\u010dit\u00fdm zm\u011bn\u00e1m. Kter\u00e9 sice mo\u017en\u00e1 nevypadaj\u00ed zase a\u017e tak radik\u00e1ln\u011b, ale p\u0159esto maj\u00ed sv\u016fj prokazateln\u00fd v\u00fdznam. Dnes u\u017e se toti\u017e obvykle nekoupu ani v Lipn\u011b, ani <a class=\"read-more read-more-onhover\" href=\"https:\/\/www.koora.cz\/chcete-se-citit-jako-u-more\/\">Read More<\/a>","datePublished":"2024-04-13","dateModified":"2024-05-13","author":{"@type":"Person","@id":"https:\/\/www.koora.cz\/author\/#Person","name":"","url":"https:\/\/www.koora.cz\/author\/","identifier":1,"image":{"@type":"ImageObject","@id":"https:\/\/secure.gravatar.com\/avatar\/a414941ff2b86a79f1a70a433f21d60df00047fefe742a46b6fded139881a475?s=96&d=mm&r=g","url":"https:\/\/secure.gravatar.com\/avatar\/a414941ff2b86a79f1a70a433f21d60df00047fefe742a46b6fded139881a475?s=96&d=mm&r=g","height":96,"width":96}},"publisher":{"@type":"Organization","name":"koora.cz","logo":{"@type":"ImageObject","@id":"\/logo.png","url":"\/logo.png","width":600,"height":60}},"image":{"@type":"ImageObject","@id":"https:\/\/www.koora.cz\/wp-content\/uploads\/bbbbbbbbbbbbbbbbbbbbbbbb_1.jpg","url":"https:\/\/www.koora.cz\/wp-content\/uploads\/bbbbbbbbbbbbbbbbbbbbbbbb_1.jpg","height":0,"width":0},"url":"https:\/\/www.koora.cz\/chcete-se-citit-jako-u-more\/","about":["Nakupov\u00e1n\u00ed"],"wordCount":443,"articleBody":"   Tak\u00e9 se r\u00e1di koupete venku, kdy\u017e je k tomu vhodn\u00e9 po\u010das\u00ed? Nediv\u00edm se v\u00e1m. Tak\u00e9 to r\u00e1d d\u011bl\u00e1m, kdykoliv m\u00e1m p\u0159\u00edle\u017eitost. D\u011bl\u00e1m to tak u\u017e odmala, kdy jsme jezdili s rodi\u010di na kole k Lipnu, d\u011blal jsem to je\u0161t\u011b rad\u011bji, kdy\u017e jsem pak za\u010dal s\u00e1m jezdit k mo\u0159i, a dnes to d\u011bl\u00e1m mo\u017en\u00e1 je\u0161t\u011b rad\u011bji ne\u017e tehdy. A pro\u010d se dnes chod\u00edm koupat ven mo\u017en\u00e1 je\u0161t\u011b rad\u011bji ne\u017e tehdy? Pochopiteln\u011b proto, \u017ee do\u0161lo k ur\u010dit\u00fdm zm\u011bn\u00e1m. Kter\u00e9 sice mo\u017en\u00e1 nevypadaj\u00ed zase a\u017e tak radik\u00e1ln\u011b, ale p\u0159esto maj\u00ed sv\u016fj prokazateln\u00fd v\u00fdznam.Dnes u\u017e se toti\u017e obvykle nekoupu ani v Lipn\u011b, ani v mo\u0159i, ale ve vlastn\u00edm baz\u00e9nu. \u010c\u00edm\u017e do\u0161lo k pozitivn\u00edmu posunu hned v n\u011bkolika ohledech.P\u0159edn\u011b m\u011blo Lipno i mo\u0159e obvykle bahnit\u00e9 nebo kamenit\u00e9 dno. Tak\u017ee se tam ve vod\u011b nena\u0161lapovalo pr\u00e1v\u011b nejp\u0159\u00edjemn\u011bji. Bu\u010f se \u010dlov\u011bk bo\u0159il do bl\u00e1ta, nebo mohlo kter\u00e9koliv do\u0161l\u00e1pnut\u00ed na ost\u0159ej\u0161\u00ed k\u00e1men zabolet.V Lipn\u011b pak ve vod\u011b neplavali \u010dasto jenom lid\u00e9. V pozd\u011bj\u0161\u00edch letech tu byly nejednou sinice a \u0159asy, a d\u0159\u00edve, p\u0159ed postaven\u00edm \u010disti\u010dek, sem u n\u00e1s \u00fastila i kanalizace, tak\u017ee se \u010dlov\u011bk n\u011bkdy vyno\u0159il hned vedle pluj\u00edc\u00edho\u2026 domysl\u00edte si \u010deho, \u017ee? A i v mo\u0159sk\u00e9 vod\u011b mohlo plavat ledacos.A jak u Lipna za dob, kdy na\u0161inci nemohli cestovat pomalu nikam do zahrani\u010d\u00ed a mo\u017enosti vy\u017eit\u00ed byly omezen\u00e9, tak i u mo\u0159e v obl\u00edben\u00fdch turistick\u00fdch destinac\u00edch byla v\u017edy na pl\u00e1\u017e\u00edch spousta lid\u00ed, tak\u017ee si to tam \u010dlov\u011bk moc neu\u017eil.Zat\u00edmco takov\u00fd baz\u00e9n, to je jin\u00e1. Ten nahrad\u00ed dokonale jakoukoliv vodn\u00ed plochu. A baz\u00e9n se slanou vodou n\u00e1m nahrad\u00ed bezvadn\u011b i ono n\u00e1dhern\u00e9 mo\u0159e, kter\u00e9 u n\u00e1s nem\u00e1me. Tak\u017ee jsem si nakonec po\u0159\u00eddil pr\u00e1v\u011b takov\u00fd baz\u00e9n. A dnes u\u017e se tedy m\u016f\u017eu koupat nejdokonaleji, jak to jenom n\u00e1\u0161 sv\u011bt umo\u017e\u0148uje. A nav\u00edc tak m\u016f\u017eu \u010dinit kdykoliv, proto\u017ee m\u00e1m sv\u016fj baz\u00e9n co by kamenem dohodil, tedy pouh\u00fd kousek od domova. A tak je dostupn\u00fd kdykoliv. Zat\u00edmco kdybych cht\u011bl vl\u00e9zt do podobn\u011b slan\u00e9 vody v mo\u0159i, str\u00e1vil bych na cest\u011b celou v\u011b\u010dnost.                                                                                                                                                                                                                                                                                                                                                                                          4.5\/5 - (6 votes)        "},{"@context":"https:\/\/schema.org\/","@type":"BreadcrumbList","itemListElement":[{"@type":"ListItem","position":1,"name":"Chcete se c\u00edtit jako u mo\u0159e?","item":"https:\/\/www.koora.cz\/chcete-se-citit-jako-u-more\/#breadcrumbitem"}]}]