[{"@context":"https:\/\/schema.org\/","@type":"Article","@id":"https:\/\/www.koora.cz\/jak-dobre-zorganizovat-stehovani-firemnich-kancelari\/#Article","mainEntityOfPage":"https:\/\/www.koora.cz\/jak-dobre-zorganizovat-stehovani-firemnich-kancelari\/","headline":"Jak dob\u0159e zorganizovat st\u011bhov\u00e1n\u00ed firemn\u00edch kancel\u00e1\u0159\u00ed","name":"Jak dob\u0159e zorganizovat st\u011bhov\u00e1n\u00ed firemn\u00edch kancel\u00e1\u0159\u00ed","description":"St\u011bhov\u00e1n\u00ed byt\u016f je n\u00e1ro\u010dn\u00fd proces, a co\u017e teprve p\u0159est\u011bhov\u00e1n\u00ed kancel\u00e1\u0159sk\u00fdch prostor. P\u0159ece jen se tu ale objevuj\u00ed ur\u010dit\u00e9 momenty, kter\u00e9 by tento proces mohly v\u00fdrazn\u011b usnadnit. Motivujte sv\u00e9 zam\u011bstnance \u2013 nejobt\u00ed\u017en\u011bj\u0161\u00ed f\u00e1z\u00ed ka\u017ed\u00e9ho st\u011bhov\u00e1n\u00ed nen\u00ed samotn\u00fd p\u0159esun b\u0159emen, co\u017e si nav\u00edc bere na starost st\u011bhovac\u00ed firma, ale p\u0159\u00edpravn\u00e9 pr\u00e1ce a jeho z\u00e1v\u011br v podob\u011b zabydlov\u00e1n\u00ed v nov\u00e9m prost\u0159ed\u00ed. Kdo si to uv\u011bdomuje, m\u00e1 v\u00fdhodu, a m\u016f\u017ee ji tak\u00e9 pat\u0159i\u010dn\u011b ve sv\u016fj prosp\u011bch vyu\u017e\u00edt. V prvn\u00ed \u0159ad\u011b se pokuste motivovat zam\u011bstnance, aby si uv\u011bdomili, \u017ee \u010d\u00edm l\u00e9pe se sami postaraj\u00ed o zabalen\u00ed v\u011bc\u00ed a dohl\u00e9dnou na to, aby byly v\u0161echny krabice <a class=\"read-more read-more-onhover\" href=\"https:\/\/www.koora.cz\/jak-dobre-zorganizovat-stehovani-firemnich-kancelari\/\">Read More<\/a>","datePublished":"2023-11-27","dateModified":"2023-12-27","author":{"@type":"Person","@id":"https:\/\/www.koora.cz\/author\/#Person","name":"","url":"https:\/\/www.koora.cz\/author\/","identifier":1,"image":{"@type":"ImageObject","@id":"https:\/\/secure.gravatar.com\/avatar\/a414941ff2b86a79f1a70a433f21d60df00047fefe742a46b6fded139881a475?s=96&d=mm&r=g","url":"https:\/\/secure.gravatar.com\/avatar\/a414941ff2b86a79f1a70a433f21d60df00047fefe742a46b6fded139881a475?s=96&d=mm&r=g","height":96,"width":96}},"publisher":{"@type":"Organization","name":"koora.cz","logo":{"@type":"ImageObject","@id":"\/logo.png","url":"\/logo.png","width":600,"height":60}},"image":{"@type":"ImageObject","@id":"https:\/\/www.koora.cz\/wp-content\/uploads\/teamwork-3213924_640_4.jpg","url":"https:\/\/www.koora.cz\/wp-content\/uploads\/teamwork-3213924_640_4.jpg","height":0,"width":0},"url":"https:\/\/www.koora.cz\/jak-dobre-zorganizovat-stehovani-firemnich-kancelari\/","about":["Firmy"],"wordCount":428,"articleBody":"   St\u011bhov\u00e1n\u00ed byt\u016f je n\u00e1ro\u010dn\u00fd proces, a co\u017e teprve p\u0159est\u011bhov\u00e1n\u00ed kancel\u00e1\u0159sk\u00fdch prostor. P\u0159ece jen se tu ale objevuj\u00ed ur\u010dit\u00e9 momenty, kter\u00e9 by tento proces mohly v\u00fdrazn\u011b usnadnit.Motivujte sv\u00e9 zam\u011bstnance \u2013 nejobt\u00ed\u017en\u011bj\u0161\u00ed f\u00e1z\u00ed ka\u017ed\u00e9ho st\u011bhov\u00e1n\u00ed nen\u00ed samotn\u00fd p\u0159esun b\u0159emen, co\u017e si nav\u00edc bere na starost st\u011bhovac\u00ed firma, ale p\u0159\u00edpravn\u00e9 pr\u00e1ce a jeho z\u00e1v\u011br v podob\u011b zabydlov\u00e1n\u00ed v nov\u00e9m prost\u0159ed\u00ed. Kdo si to uv\u011bdomuje, m\u00e1 v\u00fdhodu, a m\u016f\u017ee ji tak\u00e9 pat\u0159i\u010dn\u011b ve sv\u016fj prosp\u011bch vyu\u017e\u00edt. V prvn\u00ed \u0159ad\u011b se pokuste motivovat zam\u011bstnance, aby si uv\u011bdomili, \u017ee \u010d\u00edm l\u00e9pe se sami postaraj\u00ed o zabalen\u00ed v\u011bc\u00ed a dohl\u00e9dnou na to, aby byly v\u0161echny krabice d\u016fkladn\u011b ozna\u010den\u00e9, t\u00edm rychlej\u0161\u00ed a snaz\u0161\u00ed pak bude p\u0159\u00edprava nov\u00e9ho pracovn\u00edho prost\u0159ed\u00ed. Motivovat zam\u011bstnance m\u016f\u017eete r\u016fzn\u00fdm zp\u016fsobem, ov\u0161em ten nej\u00fa\u010dinn\u011bj\u0161\u00ed je mzdov\u00fd p\u0159\u00edplatek, nap\u0159\u00edklad z firemn\u00edho reprezenta\u010dn\u00edho fondu. A krom\u011b t\u00e9to motivace m\u016f\u017eete va\u0161im koleg\u016fm nab\u00eddnout vhodn\u00e9 ob\u010derstven\u00ed, nap\u0159\u00edklad nechat na pracovi\u0161t\u011b dov\u00e9zt pizzu \u010di oblo\u017een\u00e9 chleb\u00ed\u010dky.Dop\u0159ejte zam\u011bstnanc\u016fm volno \u2013 jestli\u017ee se va\u0161i kolegov\u00e9 a zam\u011bstnanci sna\u017e\u00ed b\u00fdt p\u0159i st\u011bhov\u00e1n\u00ed firem v Praze prosp\u011b\u0161n\u00ed, nab\u00eddn\u011bte jim pr\u00e1ci p\u0159es\u010das, kter\u00e1 se jim zapo\u010d\u00edt\u00e1 do n\u00e1hradn\u00edho volna. Mohou nap\u0159\u00edklad prot\u00e1hnout p\u0159\u00edpravn\u00e9 pr\u00e1ce ke st\u011bhov\u00e1n\u00ed do no\u010dn\u00edch hodin, kdy se tak\u00e9 lidem l\u00e9pe pracuje, proto\u017ee ve\u010der b\u00fdv\u00e1 ve m\u011bstech v\u00edce klidu, anebo mohou pokra\u010dovat ve sv\u00e9m \u00fasil\u00ed o v\u00edkendu.Zvolte vhodn\u00fd term\u00edn st\u011bhov\u00e1n\u00ed \u2013 nen\u00ed p\u0159\u00edli\u0161 moudr\u00e9 st\u011bhovat se v l\u00e9t\u011b, kdy je doba dovolen\u00fdch. M\u00e1lokdo bude z takov\u00e9ho procesu nad\u0161en\u00fd a to se pak tak\u00e9 projev\u00ed na celkov\u00e9 firemn\u00ed atmosf\u00e9\u0159e. P\u0159esu\u0148te term\u00edn rad\u011bji na jaro nebo na podzim, zejm\u00e9na v obdob\u00ed chladn\u00e9ho pozdn\u00edho podzimu to ven nikoho net\u00e1hne, a vidina n\u00e1hradn\u00edho volna za odpracovan\u00e9 v\u00edkendy a ve\u010dern\u00ed p\u0159es\u010dasy je velmi p\u0159\u00edjemn\u00e1. Nad\u011bl\u00e1te si n\u011bkolik dn\u016f a ty pak vyu\u017eijete v l\u00e9t\u011b p\u0159i pobytu v p\u0159\u00edrod\u011b.                                                                                                                                                                                                                                                                                                                                                                                          3.2\/5 - (9 votes)        "},{"@context":"https:\/\/schema.org\/","@type":"BreadcrumbList","itemListElement":[{"@type":"ListItem","position":1,"name":"Jak dob\u0159e zorganizovat st\u011bhov\u00e1n\u00ed firemn\u00edch kancel\u00e1\u0159\u00ed","item":"https:\/\/www.koora.cz\/jak-dobre-zorganizovat-stehovani-firemnich-kancelari\/#breadcrumbitem"}]}]