[{"@context":"https:\/\/schema.org\/","@type":"Article","@id":"https:\/\/www.koora.cz\/k-cemu-potrebujeme-navody\/#Article","mainEntityOfPage":"https:\/\/www.koora.cz\/k-cemu-potrebujeme-navody\/","headline":"K \u010demu pot\u0159ebujeme n\u00e1vody?","name":"K \u010demu pot\u0159ebujeme n\u00e1vody?","description":"My, m\u00e9n\u011b zru\u010dn\u00ed, v\u0161echno neum\u00edme, a tak pot\u0159ebujeme n\u00e1vody, jak co sestavit, nebo jak s \u010d\u00edm zach\u00e1zet. Pamatuji si, \u017ee bez n\u00e1vod\u016f v n\u011bkter\u00fdch p\u0159\u00edpadech bych byla naprosto ztracen\u00e1. Jsou tomu asi dva roky zp\u00e1tky, kdy jsme s p\u0159\u00edtelem skl\u00e1dali postel a nev\u011bd\u011bli jsme, jak na to. P\u0159izn\u00e1m se, \u017ee j\u00e1 postele skl\u00e1dat absolutn\u011b neum\u00edm a p\u0159\u00edtel to mo\u017en\u00e1 um\u00ed, ale ne p\u0159esn\u011b a nev\u00ed, co a jak. N\u00e1vody slou\u017e\u00ed prost\u011b k tomu, abyste v\u011bd\u011bli, jak m\u00e1te nap\u0159\u00edklad zakoupenou postel, nebo st\u016fl slo\u017eit. Bez n\u00e1vodu bychom byli v\u011bt\u0161inou \u00fapln\u011b ztraceni. J\u00e1 se to neboj\u00edm p\u0159iznat. Prost\u011b jsem r\u00e1da, kdy\u017e m\u00e1m <a class=\"read-more read-more-onhover\" href=\"https:\/\/www.koora.cz\/k-cemu-potrebujeme-navody\/\">Read More<\/a>","datePublished":"2023-11-15","dateModified":"2023-12-19","author":{"@type":"Person","@id":"https:\/\/www.koora.cz\/author\/#Person","name":"","url":"https:\/\/www.koora.cz\/author\/","identifier":1,"image":{"@type":"ImageObject","@id":"https:\/\/secure.gravatar.com\/avatar\/a414941ff2b86a79f1a70a433f21d60df00047fefe742a46b6fded139881a475?s=96&d=mm&r=g","url":"https:\/\/secure.gravatar.com\/avatar\/a414941ff2b86a79f1a70a433f21d60df00047fefe742a46b6fded139881a475?s=96&d=mm&r=g","height":96,"width":96}},"publisher":{"@type":"Organization","name":"koora.cz","logo":{"@type":"ImageObject","@id":"\/logo.png","url":"\/logo.png","width":600,"height":60}},"image":{"@type":"ImageObject","@id":"https:\/\/www.koora.cz\/wp-content\/uploads\/journal-2850091_1280.jpg","url":"https:\/\/www.koora.cz\/wp-content\/uploads\/journal-2850091_1280.jpg","height":0,"width":0},"url":"https:\/\/www.koora.cz\/k-cemu-potrebujeme-navody\/","about":["Nakupov\u00e1n\u00ed"],"wordCount":444,"articleBody":"   My, m\u00e9n\u011b zru\u010dn\u00ed, v\u0161echno neum\u00edme, a tak pot\u0159ebujeme n\u00e1vody, jak co sestavit, nebo jak s \u010d\u00edm zach\u00e1zet. Pamatuji si, \u017ee bez n\u00e1vod\u016f v n\u011bkter\u00fdch p\u0159\u00edpadech bych byla naprosto ztracen\u00e1. Jsou tomu asi dva roky zp\u00e1tky, kdy jsme s p\u0159\u00edtelem skl\u00e1dali postel a nev\u011bd\u011bli jsme, jak na to. P\u0159izn\u00e1m se, \u017ee j\u00e1 postele skl\u00e1dat absolutn\u011b neum\u00edm a p\u0159\u00edtel to mo\u017en\u00e1 um\u00ed, ale ne p\u0159esn\u011b a nev\u00ed, co a jak. N\u00e1vody slou\u017e\u00ed prost\u011b k tomu, abyste v\u011bd\u011bli, jak m\u00e1te nap\u0159\u00edklad zakoupenou postel, nebo st\u016fl slo\u017eit. Bez n\u00e1vodu bychom byli v\u011bt\u0161inou \u00fapln\u011b ztraceni. J\u00e1 se to neboj\u00edm p\u0159iznat.Prost\u011b jsem r\u00e1da, kdy\u017e m\u00e1m v\u017edycky u sebe n\u00e1vod, podle kter\u00e9ho se m\u016f\u017eu \u0159\u00eddit. Pokud ho nem\u00e1m, jsem mrzut\u00e1, ne\u0161\u0165astn\u00e1 a nesv\u00e1. Jsem si jist\u00e1, \u017ee n\u011bkte\u0159\u00ed z v\u00e1s to maj\u00ed \u00fapln\u011b stejn\u011b jako j\u00e1. Je\u0161t\u011b \u017ee ty n\u00e1vody existuj\u00ed a n\u011bkdo je vymyslel. Na druhou stranu v\u00edm, \u017ee na p\u0159\u00edtele se mohu v mnoha v\u011bcech (prakticky skoro ve v\u0161em) spolehnout, a i kdyby nem\u011bl n\u00e1vod, v\u017edycky by si n\u011bjak\u00fdm zp\u016fsobem poradil. M\u00e1m ho hrozn\u011b moc r\u00e1da a jsem neskute\u010dn\u011b vd\u011b\u010dn\u00e1, \u017ee m\u00e1m v n\u011bm takovou oporu, jakou m\u00e1m. Nikdy bych ho za nic nevym\u011bnila. Je to prost\u011b zlat\u00fd chlap. I on m\u00e1 svoje mu\u0161ky a i j\u00e1, ale to m\u00e1me snad ka\u017ed\u00fd. D\u016fle\u017eit\u00e9 je, \u017ee spolu v\u017edycky t\u00e1hneme za jeden provaz. Pokud m\u00e1te par\u0165\u00e1ka v \u017eivot\u011b, se kter\u00fdm si rozum\u00edte a jste s n\u00edm \u0161\u0165astn\u00ed, nenechte si ho v \u017e\u00e1dn\u00e9m p\u0159\u00edpad\u011b ut\u00e9ct. Bu\u010fte vd\u011b\u010dn\u00ed za ka\u017ed\u00fd den, co jste spolu, proto\u017ee pr\u00e1v\u011b to je to d\u016fle\u017eit\u00e9. Na ni\u010dem jin\u00e9m a\u017e tak moc nez\u00e1le\u017e\u00ed. L\u00e1ska je jedna z nejd\u016fle\u017eit\u011bj\u0161\u00edch v\u011bc\u00ed v \u017eivot\u011b, alespo\u0148 j\u00e1 to tak c\u00edt\u00edm a m\u00e1m to tak u\u017e n\u011bkolik let. Ale nejd\u016fle\u017eit\u011bj\u0161\u00ed v m\u00e9m \u017eivot\u011b je pro m\u011b moje dcera Sofinka, kter\u00e1 mi dod\u00e1v\u00e1 s\u00edlu. Je to moje zlat\u00ed\u010dko a jsem neskute\u010dn\u011b vd\u011b\u010dn\u00e1, \u017ee m\u00e1m svoju rodinu, bez kter\u00e9 bych byla naprosto ztracen\u00e1. Je kr\u00e1sn\u00e9 se takhle c\u00edtit. Jsem opravdu \u0161\u0165astn\u00e1 a douf\u00e1m, \u017ee to tak bude nav\u017edy.                                                                                                                                                                                                                                                                                                                                                                                           3.5\/5 - (4 votes)        "},{"@context":"https:\/\/schema.org\/","@type":"BreadcrumbList","itemListElement":[{"@type":"ListItem","position":1,"name":"K \u010demu pot\u0159ebujeme n\u00e1vody?","item":"https:\/\/www.koora.cz\/k-cemu-potrebujeme-navody\/#breadcrumbitem"}]}]