{"@context":"https:\/\/schema.org\/","@type":"CollectionPage","@id":"https:\/\/www.koora.cz\/nakupovani\/#CollectionPage","headline":"Nakupov\u00e1n\u00ed Category","description":"","url":"https:\/\/www.koora.cz\/nakupovani\/","hasPart":[{"@type":"Article","@id":"https:\/\/www.koora.cz\/co-se-vyrabi-z-lipy\/","headline":"Co se vyr\u00e1b\u00ed z l\u00edpy?","url":"https:\/\/www.koora.cz\/co-se-vyrabi-z-lipy\/","datePublished":"2023-04-09","dateModified":"2023-04-09","mainEntityOfPage":"https:\/\/www.koora.cz\/co-se-vyrabi-z-lipy\/","author":{"@type":"Person","@id":"https:\/\/www.koora.cz\/author\/#Person","name":"","url":"https:\/\/www.koora.cz\/author\/","identifier":1,"image":{"@type":"ImageObject","@id":"https:\/\/secure.gravatar.com\/avatar\/a414941ff2b86a79f1a70a433f21d60df00047fefe742a46b6fded139881a475?s=96&d=mm&r=g","url":"https:\/\/secure.gravatar.com\/avatar\/a414941ff2b86a79f1a70a433f21d60df00047fefe742a46b6fded139881a475?s=96&d=mm&r=g","height":96,"width":96}},"publisher":{"@type":"Organization","name":"koora.cz","logo":{"@type":"ImageObject","@id":"\/logo.png","url":"\/logo.png","width":600,"height":60}},"image":{"@type":"ImageObject","@id":"https:\/\/www.koora.cz\/wp-content\/uploads\/rasa-kasparaviciene-WOCzKrB--DU-unsplash.jpg","url":"https:\/\/www.koora.cz\/wp-content\/uploads\/rasa-kasparaviciene-WOCzKrB--DU-unsplash.jpg","height":0,"width":0},"keywords":null},{"@type":"Article","@id":"https:\/\/www.koora.cz\/s-karavanem-je-dovolena-prijemnejsi\/","headline":"S karavanem je dovolen\u00e1 p\u0159\u00edjemn\u011bj\u0161\u00ed","url":"https:\/\/www.koora.cz\/s-karavanem-je-dovolena-prijemnejsi\/","datePublished":"2022-10-24","dateModified":"2022-10-24","mainEntityOfPage":"https:\/\/www.koora.cz\/s-karavanem-je-dovolena-prijemnejsi\/","author":{"@type":"Person","@id":"https:\/\/www.koora.cz\/author\/#Person","name":"","url":"https:\/\/www.koora.cz\/author\/","identifier":1,"image":{"@type":"ImageObject","@id":"https:\/\/secure.gravatar.com\/avatar\/a414941ff2b86a79f1a70a433f21d60df00047fefe742a46b6fded139881a475?s=96&d=mm&r=g","url":"https:\/\/secure.gravatar.com\/avatar\/a414941ff2b86a79f1a70a433f21d60df00047fefe742a46b6fded139881a475?s=96&d=mm&r=g","height":96,"width":96}},"publisher":{"@type":"Organization","name":"koora.cz","logo":{"@type":"ImageObject","@id":"\/logo.png","url":"\/logo.png","width":600,"height":60}},"image":{"@type":"ImageObject","@id":"https:\/\/www.koora.cz\/wp-content\/uploads\/trailer-g653914127_640.jpg","url":"https:\/\/www.koora.cz\/wp-content\/uploads\/trailer-g653914127_640.jpg","height":0,"width":0},"keywords":null},{"@type":"Article","@id":"https:\/\/www.koora.cz\/vyber-kocarku-pro-miminko\/","headline":"V\u00fdb\u011br ko\u010d\u00e1rku pro miminko","url":"https:\/\/www.koora.cz\/vyber-kocarku-pro-miminko\/","datePublished":"2022-10-10","dateModified":"2022-10-10","mainEntityOfPage":"https:\/\/www.koora.cz\/vyber-kocarku-pro-miminko\/","author":{"@type":"Person","@id":"https:\/\/www.koora.cz\/author\/#Person","name":"","url":"https:\/\/www.koora.cz\/author\/","identifier":1,"image":{"@type":"ImageObject","@id":"https:\/\/secure.gravatar.com\/avatar\/a414941ff2b86a79f1a70a433f21d60df00047fefe742a46b6fded139881a475?s=96&d=mm&r=g","url":"https:\/\/secure.gravatar.com\/avatar\/a414941ff2b86a79f1a70a433f21d60df00047fefe742a46b6fded139881a475?s=96&d=mm&r=g","height":96,"width":96}},"publisher":{"@type":"Organization","name":"koora.cz","logo":{"@type":"ImageObject","@id":"\/logo.png","url":"\/logo.png","width":600,"height":60}},"image":{"@type":"ImageObject","@id":"https:\/\/www.koora.cz\/wp-content\/uploads\/woman-g5babf15eb_640_7.jpg","url":"https:\/\/www.koora.cz\/wp-content\/uploads\/woman-g5babf15eb_640_7.jpg","height":0,"width":0},"keywords":null},{"@type":"Article","@id":"https:\/\/www.koora.cz\/online-marketing-pro-vasi-firmu\/","headline":"Online marketing pro Va\u0161\u00ed firmu","url":"https:\/\/www.koora.cz\/online-marketing-pro-vasi-firmu\/","datePublished":"2022-06-11","dateModified":"2022-06-11","mainEntityOfPage":"https:\/\/www.koora.cz\/online-marketing-pro-vasi-firmu\/","author":{"@type":"Person","@id":"https:\/\/www.koora.cz\/author\/#Person","name":"","url":"https:\/\/www.koora.cz\/author\/","identifier":1,"image":{"@type":"ImageObject","@id":"https:\/\/secure.gravatar.com\/avatar\/a414941ff2b86a79f1a70a433f21d60df00047fefe742a46b6fded139881a475?s=96&d=mm&r=g","url":"https:\/\/secure.gravatar.com\/avatar\/a414941ff2b86a79f1a70a433f21d60df00047fefe742a46b6fded139881a475?s=96&d=mm&r=g","height":96,"width":96}},"publisher":{"@type":"Organization","name":"koora.cz","logo":{"@type":"ImageObject","@id":"\/logo.png","url":"\/logo.png","width":600,"height":60}},"image":{"@type":"ImageObject","@id":"https:\/\/www.koora.cz\/wp-content\/uploads\/seo-ge24fe4f9a_1920.jpg","url":"https:\/\/www.koora.cz\/wp-content\/uploads\/seo-ge24fe4f9a_1920.jpg","height":0,"width":0},"keywords":null},{"@type":"Article","@id":"https:\/\/www.koora.cz\/jak-na-sidlo-spolecnosti\/","headline":"Jak na s\u00eddlo spole\u010dnosti?","url":"https:\/\/www.koora.cz\/jak-na-sidlo-spolecnosti\/","datePublished":"2022-05-14","dateModified":"2022-05-14","mainEntityOfPage":"https:\/\/www.koora.cz\/jak-na-sidlo-spolecnosti\/","author":{"@type":"Person","@id":"https:\/\/www.koora.cz\/author\/#Person","name":"","url":"https:\/\/www.koora.cz\/author\/","identifier":1,"image":{"@type":"ImageObject","@id":"https:\/\/secure.gravatar.com\/avatar\/a414941ff2b86a79f1a70a433f21d60df00047fefe742a46b6fded139881a475?s=96&d=mm&r=g","url":"https:\/\/secure.gravatar.com\/avatar\/a414941ff2b86a79f1a70a433f21d60df00047fefe742a46b6fded139881a475?s=96&d=mm&r=g","height":96,"width":96}},"publisher":{"@type":"Organization","name":"koora.cz","logo":{"@type":"ImageObject","@id":"\/logo.png","url":"\/logo.png","width":600,"height":60}},"image":{"@type":"ImageObject","@id":"https:\/\/www.koora.cz\/wp-content\/uploads\/seo1_1.jpg","url":"https:\/\/www.koora.cz\/wp-content\/uploads\/seo1_1.jpg","height":0,"width":0},"keywords":null},{"@type":"Article","@id":"https:\/\/www.koora.cz\/i-automobil-si-zaslouzi-svuj-vlastni-pristresek-kdyz-uz-nemate-garaz-jak-to-ucelne-vyresit\/","headline":"I automobil si zaslou\u017e\u00ed sv\u016fj vlastn\u00ed p\u0159\u00edst\u0159e\u0161ek, kdy\u017e u\u017e nem\u00e1te gar\u00e1\u017e &#8211; Jak to \u00fa\u010deln\u011b vy\u0159e\u0161it?","url":"https:\/\/www.koora.cz\/i-automobil-si-zaslouzi-svuj-vlastni-pristresek-kdyz-uz-nemate-garaz-jak-to-ucelne-vyresit\/","datePublished":"2021-10-16","dateModified":"2021-10-16","mainEntityOfPage":"https:\/\/www.koora.cz\/i-automobil-si-zaslouzi-svuj-vlastni-pristresek-kdyz-uz-nemate-garaz-jak-to-ucelne-vyresit\/","author":{"@type":"Person","@id":"https:\/\/www.koora.cz\/author\/#Person","name":"","url":"https:\/\/www.koora.cz\/author\/","identifier":1,"image":{"@type":"ImageObject","@id":"https:\/\/secure.gravatar.com\/avatar\/a414941ff2b86a79f1a70a433f21d60df00047fefe742a46b6fded139881a475?s=96&d=mm&r=g","url":"https:\/\/secure.gravatar.com\/avatar\/a414941ff2b86a79f1a70a433f21d60df00047fefe742a46b6fded139881a475?s=96&d=mm&r=g","height":96,"width":96}},"publisher":{"@type":"Organization","name":"koora.cz","logo":{"@type":"ImageObject","@id":"\/logo.png","url":"\/logo.png","width":600,"height":60}},"image":{"@type":"ImageObject","@id":"https:\/\/www.koora.cz\/wp-content\/uploads\/pexels-photo-221540.jpeg","url":"https:\/\/www.koora.cz\/wp-content\/uploads\/pexels-photo-221540.jpeg","height":0,"width":0},"keywords":null},{"@type":"Article","@id":"https:\/\/www.koora.cz\/brigady-ceske-budejovice\/","headline":"Brig\u00e1dy \u010cesk\u00e9 Bud\u011bjovice","url":"https:\/\/www.koora.cz\/brigady-ceske-budejovice\/","datePublished":"2021-04-06","dateModified":"2021-04-06","mainEntityOfPage":"https:\/\/www.koora.cz\/brigady-ceske-budejovice\/","author":{"@type":"Person","@id":"https:\/\/www.koora.cz\/author\/#Person","name":"","url":"https:\/\/www.koora.cz\/author\/","identifier":1,"image":{"@type":"ImageObject","@id":"https:\/\/secure.gravatar.com\/avatar\/a414941ff2b86a79f1a70a433f21d60df00047fefe742a46b6fded139881a475?s=96&d=mm&r=g","url":"https:\/\/secure.gravatar.com\/avatar\/a414941ff2b86a79f1a70a433f21d60df00047fefe742a46b6fded139881a475?s=96&d=mm&r=g","height":96,"width":96}},"publisher":{"@type":"Organization","name":"koora.cz","logo":{"@type":"ImageObject","@id":"\/logo.png","url":"\/logo.png","width":600,"height":60}},"image":{"@type":"ImageObject","@id":"https:\/\/www.koora.cz\/wp-content\/uploads\/podepisov%C3%A1n%C3%AD%20smlouvy.PNG","url":"https:\/\/www.koora.cz\/wp-content\/uploads\/podepisov%C3%A1n%C3%AD%20smlouvy.PNG","height":0,"width":0},"keywords":null}]}