[{"@context":"https:\/\/schema.org\/","@type":"Article","@id":"https:\/\/www.koora.cz\/opravy-panelovych-domu\/#Article","mainEntityOfPage":"https:\/\/www.koora.cz\/opravy-panelovych-domu\/","headline":"Opravy panelov\u00fdch dom\u016f","name":"Opravy panelov\u00fdch dom\u016f","description":"Kdy\u017e se jako panelov\u00fd d\u016fm domluv\u00edte na nov\u00e9 fas\u00e1d\u011b a z\u00e1rove\u0148 d\u016fm zatepl\u00edte, bude to p\u0159\u00ednos pro v\u0161echny obyvatele domu. N\u011bkdy to nen\u00ed ani o domluv\u011b, ale sp\u00ed\u0161e o tom, \u017ee je to u\u017e pot\u0159eba ud\u011blat a nedomlouv\u00e1 se, \u017ee se to ud\u011bl\u00e1, ale rovnou se za\u010d\u00edn\u00e1 volbou dan\u00e9 firmy, kter\u00e1 tyto \u00fapravy bude d\u011blat. Kdy\u017e u\u017e se zasahuje do panelov\u00e9ho domu a d\u011bl\u00e1 se nov\u00e1 fas\u00e1da, v\u011bt\u0161inou se p\u0159idaj\u00ed nov\u00e9 balk\u00f3ny a pro ty co nemaj\u00ed nov\u00e1 plastov\u00e1 okna tak i v\u00fdm\u011bnu oken, aby zateplen\u00ed m\u011blo smysl. Jsou to velk\u00e9 z\u00e1sahy do rozpo\u010dtu pro cel\u00fd panelov\u00fd d\u016fm, a kdy\u017e <a class=\"read-more read-more-onhover\" href=\"https:\/\/www.koora.cz\/opravy-panelovych-domu\/\">Read More<\/a>","datePublished":"2024-05-19","dateModified":"2024-05-19","author":{"@type":"Person","@id":"https:\/\/www.koora.cz\/author\/#Person","name":"","url":"https:\/\/www.koora.cz\/author\/","identifier":1,"image":{"@type":"ImageObject","@id":"https:\/\/secure.gravatar.com\/avatar\/a414941ff2b86a79f1a70a433f21d60df00047fefe742a46b6fded139881a475?s=96&d=mm&r=g","url":"https:\/\/secure.gravatar.com\/avatar\/a414941ff2b86a79f1a70a433f21d60df00047fefe742a46b6fded139881a475?s=96&d=mm&r=g","height":96,"width":96}},"publisher":{"@type":"Organization","name":"koora.cz","logo":{"@type":"ImageObject","@id":"\/logo.png","url":"\/logo.png","width":600,"height":60}},"image":{"@type":"ImageObject","@id":"https:\/\/www.koora.cz\/wp-content\/uploads\/pexels-ryszard-zaleski-29105926-23407918.jpg","url":"https:\/\/www.koora.cz\/wp-content\/uploads\/pexels-ryszard-zaleski-29105926-23407918.jpg","height":0,"width":0},"url":"https:\/\/www.koora.cz\/opravy-panelovych-domu\/","about":["Firmy"],"wordCount":458,"articleBody":"       Kdy\u017e se jako panelov\u00fd d\u016fm domluv\u00edte na nov\u00e9 fas\u00e1d\u011b a z\u00e1rove\u0148 d\u016fm zatepl\u00edte, bude to p\u0159\u00ednos pro v\u0161echny obyvatele domu. N\u011bkdy to nen\u00ed ani o domluv\u011b, ale sp\u00ed\u0161e o tom, \u017ee je to u\u017e pot\u0159eba ud\u011blat a nedomlouv\u00e1 se, \u017ee se to ud\u011bl\u00e1, ale rovnou se za\u010d\u00edn\u00e1 volbou dan\u00e9 firmy, kter\u00e1 tyto \u00fapravy bude d\u011blat. Kdy\u017e u\u017e se zasahuje do panelov\u00e9ho domu a d\u011bl\u00e1 se nov\u00e1 fas\u00e1da, v\u011bt\u0161inou se p\u0159idaj\u00ed nov\u00e9 balk\u00f3ny a pro ty co nemaj\u00ed nov\u00e1 plastov\u00e1 okna tak i v\u00fdm\u011bnu oken, aby zateplen\u00ed m\u011blo smysl. Jsou to velk\u00e9 z\u00e1sahy do rozpo\u010dtu pro cel\u00fd panelov\u00fd d\u016fm, a kdy\u017e pen\u00edze nejsou v kase, ve spole\u010dn\u00e9m fondu mus\u00ed se na takovou realizaci vz\u00edt \u00fav\u011br nebo p\u016fj\u010dka, aby se v\u0161e mohlo uskute\u010dnit. Taky m\u016f\u017eete za\u017e\u00e1dat o dotace na zateplen\u00ed ze zelen\u00e9 \u00faspory. V\u017edy je dobr\u00e9 se do to vrhnout po hlav\u011b a zjistit si nejv\u00edce mo\u017en\u00fdch informac\u00ed, jak by to \u0161lo ud\u011blat nejlevn\u011bji, ale dostate\u010dn\u011b kvalitn\u011b. P\u0159ece jenom to zat\u00ed\u017e\u00ed spoustu lid\u00ed, kter\u00fdm se zvednou m\u011bs\u00ed\u010dn\u00ed n\u00e1klady na placen\u00ed dan\u00e9ho \u00fav\u011bru. Ne\u017e se vybran\u00e9 firmy pust\u00ed do pr\u00e1ce a budete m\u00edt z\u00e1kaz chozen\u00ed na balk\u00f3ny, je dobr\u00e9 si je p\u0159edt\u00edm vyklidit, abyste nep\u0159i\u0161li o \u017e\u00e1dn\u00e9 sv\u00e9 v\u011bci. Jakmile se balk\u00f3nu sundaj\u00ed a od\u0159\u00edznou, budete m\u00edt pro jistotu odd\u011blanou kliku, aby v\u00e1s nenapadlo j\u00edt na balk\u00f3n, kter\u00fd tam nen\u00ed. A d\u00e1le je d\u016fle\u017eit\u00e9 zajistit firmu, kter\u00e1 v\u00e1m vedle domu postav\u00ed le\u0161en\u00ed a zajist\u00ed tak d\u011bln\u00edk\u016fm p\u0159\u00edstup k budov\u011b ve vy\u0161\u0161\u00edch patrech. N\u011bkter\u00e9 firmy, ji\u017e maj\u00ed p\u0159edem nasmlouvan\u00e9 firmy na pron\u00e1jem le\u0161en\u00ed, nebo \u00fazce spolupracuj\u00ed spole\u010dn\u011b. N\u011bkter\u00e9 to nemaj\u00ed, a mus\u00edte si naj\u00edt firmu, kter\u00e1 v\u00e1m pron\u00e1jem le\u0161en\u00ed zprost\u0159edkuje, aby dan\u00e1 firma mohla za\u010d\u00edt s opravami domu. Nen\u00ed na tom nic slo\u017eit\u00e9ho, a kdy\u017e se d\u00edv\u00e1te na n\u011bkter\u00e9 d\u011bln\u00edky, \u0159\u00edk\u00e1te si, \u017ee byste to zvl\u00e1dly s p\u0159ehledem taky, a m\u00e1te pravdu, nic na tom nen\u00ed, jen v\u011bd\u011bt co je pot\u0159eba a jak se m\u00e1 co ud\u011blat. Ov\u0161em vy na to m\u00edt \u010das nebudete a u panelov\u00e9ho domu chcete, aby opravy byli hotov\u00e9 co nejd\u0159\u00edve, aby si \u010dlov\u011bk mohl vyv\u011btrat bez p\u0159\u00edtomnosti lid\u00ed, prachu a hluku.                                                                                                                                                                                                                                                                                                                                                                                           5\/5 - (1 vote)        "},{"@context":"https:\/\/schema.org\/","@type":"BreadcrumbList","itemListElement":[{"@type":"ListItem","position":1,"name":"Opravy panelov\u00fdch dom\u016f","item":"https:\/\/www.koora.cz\/opravy-panelovych-domu\/#breadcrumbitem"}]}]