[{"@context":"https:\/\/schema.org\/","@type":"Article","@id":"https:\/\/www.koora.cz\/pekna-oslava\/#Article","mainEntityOfPage":"https:\/\/www.koora.cz\/pekna-oslava\/","headline":"P\u011bkn\u00e1 oslava","name":"P\u011bkn\u00e1 oslava","description":"Pokud tak\u00e9 hled\u00e1te n\u011bjakou z\u00e1bavu, kde byste si ji mohli ud\u011blat, tak samoz\u0159ejm\u011b tak\u00e9 nespol\u00e9hejte, \u017ee m\u00e1 b\u00fdt t\u0159eba kr\u00e1sn\u00e9 po\u010das\u00ed, proto\u017ee mnoho lid\u00ed se spol\u00e9h\u00e1 na po\u010das\u00ed, \u017ee m\u00e1 b\u00fdt opravdu kr\u00e1sn\u011b, \u017ee m\u00e1 sv\u00edtit a \u017ee nem\u00e1 v\u016fbec pr\u0161et. Ale vezm\u011bte si, kdyby t\u0159eba se z ni\u010deho nic rozpr\u0161elo. M\u016f\u017ee b\u00fdt jak\u00e1koliv n\u00e1hl\u00e1 pr\u016ftr\u017e mra\u010den a potom m\u00e1te tak\u00e9 po z\u00e1bav\u011b anebo po va\u0161\u00ed p\u00e1rty, proto je nejlep\u0161\u00ed, kdy\u017e budete m\u00edt tak\u00e9 n\u011bco v z\u00e1sob\u011b. Pron\u00e1jem p\u00e1rty stan\u016f z Brna je opravdu perfektn\u00ed n\u00e1pad a najdete to na webov\u00e9 str\u00e1nce partystanyaz.cz. M\u016f\u017eete si je pronajmout kvalitn\u00ed party stan. <a class=\"read-more read-more-onhover\" href=\"https:\/\/www.koora.cz\/pekna-oslava\/\">Read More<\/a>","datePublished":"2024-06-12","dateModified":"2024-06-12","author":{"@type":"Person","@id":"https:\/\/www.koora.cz\/author\/#Person","name":"","url":"https:\/\/www.koora.cz\/author\/","identifier":1,"image":{"@type":"ImageObject","@id":"https:\/\/secure.gravatar.com\/avatar\/a414941ff2b86a79f1a70a433f21d60df00047fefe742a46b6fded139881a475?s=96&d=mm&r=g","url":"https:\/\/secure.gravatar.com\/avatar\/a414941ff2b86a79f1a70a433f21d60df00047fefe742a46b6fded139881a475?s=96&d=mm&r=g","height":96,"width":96}},"publisher":{"@type":"Organization","name":"koora.cz","logo":{"@type":"ImageObject","@id":"\/logo.png","url":"\/logo.png","width":600,"height":60}},"image":{"@type":"ImageObject","@id":"https:\/\/www.koora.cz\/wp-content\/uploads\/adventure-1851092_1280.jpg","url":"https:\/\/www.koora.cz\/wp-content\/uploads\/adventure-1851092_1280.jpg","height":0,"width":0},"url":"https:\/\/www.koora.cz\/pekna-oslava\/","about":["Firmy"],"wordCount":429,"articleBody":"   Pokud tak\u00e9 hled\u00e1te n\u011bjakou z\u00e1bavu, kde byste si ji mohli ud\u011blat, tak samoz\u0159ejm\u011b tak\u00e9 nespol\u00e9hejte, \u017ee m\u00e1 b\u00fdt t\u0159eba kr\u00e1sn\u00e9 po\u010das\u00ed, proto\u017ee mnoho lid\u00ed se spol\u00e9h\u00e1 na po\u010das\u00ed, \u017ee m\u00e1 b\u00fdt opravdu kr\u00e1sn\u011b, \u017ee m\u00e1 sv\u00edtit a \u017ee nem\u00e1 v\u016fbec pr\u0161et. Ale vezm\u011bte si, kdyby t\u0159eba se z ni\u010deho nic rozpr\u0161elo. M\u016f\u017ee b\u00fdt jak\u00e1koliv n\u00e1hl\u00e1 pr\u016ftr\u017e mra\u010den a potom m\u00e1te tak\u00e9 po z\u00e1bav\u011b anebo po va\u0161\u00ed p\u00e1rty, proto je nejlep\u0161\u00ed, kdy\u017e budete m\u00edt tak\u00e9 n\u011bco v z\u00e1sob\u011b. Pron\u00e1jem p\u00e1rty stan\u016f z Brna je opravdu perfektn\u00ed n\u00e1pad a najdete to na webov\u00e9 str\u00e1nce partystanyaz.cz. M\u016f\u017eete si je pronajmout kvalitn\u00ed party stan. Pokud bydl\u00edte v Brn\u011b, tak to m\u00e1te opravdu kousek. Vy si mo\u017en\u00e1 \u0159\u00edk\u00e1te, \u017ee je opravdu zbyte\u010dn\u00e9 si pronaj\u00edmat n\u011bjak\u00e9 p\u00e1rty stany z Brna. Tohle nen\u00ed pravda, proto\u017ee tyto p\u00e1rty stany z Brna jsou opravdu velik\u00e9 a vysok\u00e9 kvality. Tady to znamen\u00e1, \u017ee se v\u00e1m t\u0159eba i pod jeden stan vejde v pohod\u011b t\u0159icet lid\u00ed, a nav\u00edc si mysl\u00edm, \u017ee i kdyby t\u0159eba bylo opravdu velik\u00e9 vedro a nefoukalo, tak\u017ee by to cht\u011blo tak\u00e9 n\u011bjak\u00e9 odpo\u010dinkov\u00e9 m\u00edsto, n\u011bjak\u00fd st\u00edn a mysl\u00edm si, \u017ee pr\u00e1v\u011b p\u00e1rty stan z Brna bude opravdu tou nejlep\u0161\u00ed volbou. Pokud i vy je\u0161t\u011b v\u00e1h\u00e1te, jestli si pronajmout stan, tak rozhodn\u011b nev\u00e1hejte.My jsme tohle m\u011bli u\u017e s partnerem dvakr\u00e1t, kdy\u017e jsme slavili des\u00edtiny m\u00e9 dcery a potom moje \u010dty\u0159ic\u00e1tiny. Tak\u017ee v\u0161echno jsme m\u011bli opravdu kr\u00e1sn\u011b nalajnovan\u00e9. V\u0161echno se vyda\u0159ilo, m\u011bli jsme vyp\u016fj\u010den\u00fdm p\u00e1rty stan z Brna. Hostina byla perfektn\u00ed a host\u016f byla opravdu hodn\u011b. Tak jsem si \u0159ekla, \u017ee tuto firmu, kter\u00e1 p\u016fj\u010duje p\u00e1rty stany z Brna, rozhodn\u011b doporu\u010duji a jsem r\u00e1da, \u017ee tohle existuje, proto\u017ee tyto stany jsou opravdu velik\u00e9 a v\u016fbec nev\u00edm, kam bychom je skladovali, kdybychom si tak\u00e9 koupili jeden p\u00e1rty stan dom\u016f. Jo, bylo by to opravdu hodn\u011b n\u00e1ro\u010dn\u00e9, proto\u017ee bychom nev\u011bd\u011bli, kam to v\u0161echno ulo\u017eit. M\u00edsta m\u00e1me doma m\u00e1lo, a je\u0161t\u011b n\u011bkam d\u00e1t ob\u0159\u00ed stan, to by asi ne\u0161lo.                                                                                                                                                                                                                                                                                                                                                                                           3.6\/5 - (7 votes)        "},{"@context":"https:\/\/schema.org\/","@type":"BreadcrumbList","itemListElement":[{"@type":"ListItem","position":1,"name":"P\u011bkn\u00e1 oslava","item":"https:\/\/www.koora.cz\/pekna-oslava\/#breadcrumbitem"}]}]