[{"@context":"https:\/\/schema.org\/","@type":"Article","@id":"https:\/\/www.koora.cz\/pekna-zahrada\/#Article","mainEntityOfPage":"https:\/\/www.koora.cz\/pekna-zahrada\/","headline":"P\u011bkn\u00e1 zahrada","name":"P\u011bkn\u00e1 zahrada","description":"V\u017edycky jsem cht\u011bla m\u00edt opravdu kr\u00e1snou zahradu. Samoz\u0159ejm\u011b, \u017ee jsem cht\u011bla m\u00edt tak\u00e9 velikou zahradu. Jenom\u017ee jsem se dozv\u011bd\u011bla, \u017ee kdy\u017e \u010dlov\u011bk m\u00e1 opravdu velikou zahradu, \u017ee se tak\u00e9 o to mus\u00ed po\u0159\u00e1dn\u011b starat, mus\u00ed se postarat o svou zahradu, proto\u017ee kdybych m\u011bl zahradu opravdu velikou a nestaral by se o to, tak by to tak\u00e9 potom po \u010dase mohlo vypadat jako v n\u011bjak\u00e9m pralese. Jako v n\u011bjak\u00e9 d\u017eungli. A v\u011b\u0159te, \u017ee zn\u00e1m opravdu hodn\u011b lid\u00ed, kte\u0159\u00ed maj\u00ed velikou zahradu a v\u016fbec se o ni nestaraj\u00ed. To je potom podle m\u00e9ho n\u00e1zoru velik\u00e1 \u0161koda. V\u016fbec j\u00e1 absolutn\u011b nech\u00e1pu, pro\u010d si <a class=\"read-more read-more-onhover\" href=\"https:\/\/www.koora.cz\/pekna-zahrada\/\">Read More<\/a>","datePublished":"2024-03-29","dateModified":"2024-03-29","author":{"@type":"Person","@id":"https:\/\/www.koora.cz\/author\/#Person","name":"","url":"https:\/\/www.koora.cz\/author\/","identifier":1,"image":{"@type":"ImageObject","@id":"https:\/\/secure.gravatar.com\/avatar\/a414941ff2b86a79f1a70a433f21d60df00047fefe742a46b6fded139881a475?s=96&d=mm&r=g","url":"https:\/\/secure.gravatar.com\/avatar\/a414941ff2b86a79f1a70a433f21d60df00047fefe742a46b6fded139881a475?s=96&d=mm&r=g","height":96,"width":96}},"publisher":{"@type":"Organization","name":"koora.cz","logo":{"@type":"ImageObject","@id":"\/logo.png","url":"\/logo.png","width":600,"height":60}},"image":{"@type":"ImageObject","@id":"https:\/\/www.koora.cz\/wp-content\/uploads\/geraniums-5366992_640_1.jpg","url":"https:\/\/www.koora.cz\/wp-content\/uploads\/geraniums-5366992_640_1.jpg","height":0,"width":0},"url":"https:\/\/www.koora.cz\/pekna-zahrada\/","about":["D\u016fm a zahrada"],"wordCount":424,"articleBody":"V\u017edycky jsem cht\u011bla m\u00edt opravdu kr\u00e1snou zahradu. Samoz\u0159ejm\u011b, \u017ee jsem cht\u011bla m\u00edt tak\u00e9 velikou zahradu. Jenom\u017ee jsem se dozv\u011bd\u011bla, \u017ee kdy\u017e \u010dlov\u011bk m\u00e1 opravdu velikou zahradu, \u017ee se tak\u00e9 o to mus\u00ed po\u0159\u00e1dn\u011b starat, mus\u00ed se postarat o svou zahradu, proto\u017ee kdybych m\u011bl zahradu opravdu velikou a nestaral by se o to, tak by to tak\u00e9 potom po \u010dase mohlo vypadat jako v n\u011bjak\u00e9m pralese. Jako v n\u011bjak\u00e9 d\u017eungli. A v\u011b\u0159te, \u017ee zn\u00e1m opravdu hodn\u011b lid\u00ed, kte\u0159\u00ed maj\u00ed velikou zahradu a v\u016fbec se o ni nestaraj\u00ed. To je potom podle m\u00e9ho n\u00e1zoru velik\u00e1 \u0161koda.V\u016fbec j\u00e1 absolutn\u011b nech\u00e1pu, pro\u010d si lid\u00e9 po\u0159\u00edd\u00ed n\u011bjakou opravdu velikou zahradu, kdy\u017e se potom opravdu nebudou o to starat. J\u00e1 v\u00edm, \u017ee t\u0159eba \u010dlov\u011bk si dop\u0159edu \u0159ekne, \u017ee se o tu zahradu starat bude. Jenom\u017ee potom zjist\u00ed, \u017ee je to \u010dasov\u011b nad jeho s\u00edly. \u017de t\u0159eba m\u00e1 opravdu n\u00e1ro\u010dn\u00e9 zam\u011bstn\u00e1n\u00ed. A potom tak\u00e9 nebude m\u00edt \u010das na p\u00e9\u010di o zahradu. A to hlavn\u011b, pokud je\u0161t\u011b t\u0159eba maj\u00ed mal\u00e9 d\u011bti anebo zv\u00ed\u0159ata. Anebo t\u0159eba maj\u00ed zam\u011bstn\u00e1n\u00ed a potom je\u0161t\u011b k tomu brig\u00e1du. To potom nev\u00edm, ani jak bych to zvl\u00e1dala j\u00e1. Proto jsem si \u0159ekla, \u017ee bych rad\u0161i. Cht\u011bla bych jenom n\u011bjakou men\u0161\u00ed zahradu.Proto\u017ee men\u0161\u00ed zahrada se opravdu l\u00e9pe udr\u017euje. Kdy\u017e budete m\u00edt men\u0161\u00ed zahradou, tak tak\u00e9 m\u00e1te potom i v\u00edce \u010dasu na sv\u00e9 kon\u00ed\u010dky a z\u00e1liby. J\u00e1 jsem tak\u00e9 cht\u011bla m\u00edt zahradu, hlavn\u011b kv\u016fli tomu, abych si tam dala n\u011bjak\u00fd relaxa\u010dn\u00ed zahradn\u00ed n\u00e1bytek. T\u0159eba n\u011bjakou houpa\u010dku anebo podobn\u011b? Nebo klidn\u011b i na zahradu si ji d\u00e1t houpac\u00ed s\u00ed\u0165. Tak\u00e9 jsem m\u011bla u\u017e vybran\u00fd n\u011bjak\u00fd mal\u00fd gril, a to hlavn\u011b kv\u016fli tomu, abych tam v l\u00e9t\u011b nebo na ja\u0159e i na podzim mohla grilovat, abych mohla t\u0159eba i op\u00e9kat n\u011bjak\u00e9 maso. Proto\u017ee tohle byl v\u017edycky m\u016fj sen, tohle jsme v\u017edycky d\u011blali. Kdy\u017e jsem je\u0161t\u011b bydlela u rodi\u010d\u016f se sourozenci. Jenom\u017ee nen\u00ed to jednoduch\u00e9 udr\u017eovat zahradu opravdu v chodu. Zahrada se mus\u00ed udr\u017eovat opravdu ka\u017ed\u00fd den skoro ka\u017ed\u00fd den. A vy tak\u00e9 m\u00e1te n\u011bjakou zahradu?\u00a0                                                                                                                                                                                                                                                                                                                                                                                        4\/5 - (7 votes)        "},{"@context":"https:\/\/schema.org\/","@type":"BreadcrumbList","itemListElement":[{"@type":"ListItem","position":1,"name":"P\u011bkn\u00e1 zahrada","item":"https:\/\/www.koora.cz\/pekna-zahrada\/#breadcrumbitem"}]}]