[{"@context":"https:\/\/schema.org\/","@type":"Article","@id":"https:\/\/www.koora.cz\/proc-prosperuji-autopujcovny\/#Article","mainEntityOfPage":"https:\/\/www.koora.cz\/proc-prosperuji-autopujcovny\/","headline":"Pro\u010d prosperuj\u00ed autop\u016fj\u010dovny","name":"Pro\u010d prosperuj\u00ed autop\u016fj\u010dovny","description":"Mo\u017en\u00e1 tak\u00e9 budete pat\u0159it k lidem, co se domn\u00edvaj\u00ed, \u017ee autop\u016fj\u010dovny v Praze https:\/\/autopujcovna-milan.cz\/ postr\u00e1daj\u00ed pot\u0159ebnou klientelu, proto\u017ee dnes m\u00e1 auto t\u00e9m\u011b\u0159 ka\u017ed\u00fd. Ono to s t\u011bmi auty ale nen\u00ed tak r\u016f\u017eov\u00e9, jak se zd\u00e1, proto\u017ee n\u011bkdo auto v\u016fbec nem\u00e1, nebo\u0165 se mu nevyplat\u00ed, a n\u011bkomu se zas vozidlo m\u016f\u017ee ne\u010dekan\u011b porouchat, a pokud jej pot\u0159ebuje ke sv\u00e9 pr\u00e1ci, je to pr\u016f\u0161vih. Auto v servisu Pamatujete se na film \u201eVrchn\u00ed prchni\u201c? Josef Abrh\u00e1m se tam styd\u00ed za sv\u016fj Velorex a p\u0159i seznamov\u00e1n\u00ed s D\u00e1dou Patrasovou tvrd\u00ed, \u017ee vlastn\u00ed v\u016fz zna\u010dky Saab, a \u017ee je moment\u00e1ln\u011b v servisu, proto p\u0159ijel vlakem. <a class=\"read-more read-more-onhover\" href=\"https:\/\/www.koora.cz\/proc-prosperuji-autopujcovny\/\">Read More<\/a>","datePublished":"2023-10-10","dateModified":"2023-11-10","author":{"@type":"Person","@id":"https:\/\/www.koora.cz\/author\/#Person","name":"","url":"https:\/\/www.koora.cz\/author\/","identifier":1,"image":{"@type":"ImageObject","@id":"https:\/\/secure.gravatar.com\/avatar\/a414941ff2b86a79f1a70a433f21d60df00047fefe742a46b6fded139881a475?s=96&d=mm&r=g","url":"https:\/\/secure.gravatar.com\/avatar\/a414941ff2b86a79f1a70a433f21d60df00047fefe742a46b6fded139881a475?s=96&d=mm&r=g","height":96,"width":96}},"publisher":{"@type":"Organization","name":"koora.cz","logo":{"@type":"ImageObject","@id":"\/logo.png","url":"\/logo.png","width":600,"height":60}},"image":{"@type":"ImageObject","@id":"https:\/\/www.koora.cz\/wp-content\/uploads\/red-car-2011715_640.jpg","url":"https:\/\/www.koora.cz\/wp-content\/uploads\/red-car-2011715_640.jpg","height":0,"width":0},"url":"https:\/\/www.koora.cz\/proc-prosperuji-autopujcovny\/","about":["Firmy"],"wordCount":416,"articleBody":"   Mo\u017en\u00e1 tak\u00e9 budete pat\u0159it k lidem, co se domn\u00edvaj\u00ed, \u017ee autop\u016fj\u010dovny v Praze https:\/\/autopujcovna-milan.cz\/ postr\u00e1daj\u00ed pot\u0159ebnou klientelu, proto\u017ee dnes m\u00e1 auto t\u00e9m\u011b\u0159 ka\u017ed\u00fd. Ono to s t\u011bmi auty ale nen\u00ed tak r\u016f\u017eov\u00e9, jak se zd\u00e1, proto\u017ee n\u011bkdo auto v\u016fbec nem\u00e1, nebo\u0165 se mu nevyplat\u00ed, a n\u011bkomu se zas vozidlo m\u016f\u017ee ne\u010dekan\u011b porouchat, a pokud jej pot\u0159ebuje ke sv\u00e9 pr\u00e1ci, je to pr\u016f\u0161vih.Auto v servisuPamatujete se na film \u201eVrchn\u00ed prchni\u201c? Josef Abrh\u00e1m se tam styd\u00ed za sv\u016fj Velorex a p\u0159i seznamov\u00e1n\u00ed s D\u00e1dou Patrasovou tvrd\u00ed, \u017ee vlastn\u00ed v\u016fz zna\u010dky Saab, a \u017ee je moment\u00e1ln\u011b v servisu, proto p\u0159ijel vlakem. Situace veskrze komick\u00e1 v\u0161ak m\u016f\u017ee v re\u00e1ln\u00e9m \u017eivot\u011b vy\u00fastit v z\u00e1va\u017en\u00fd probl\u00e9m. P\u0159edstavte si, \u017ee m\u00e1te \u201eSaaba\u201c, a \u017ee je zrovna odta\u017een pro z\u00e1va\u017enou poruchu \u0159\u00edd\u00edc\u00ed jednotky motoru do servisu, jen\u017ee vy auto pot\u0159ebujete ke sv\u00e9mu podnik\u00e1n\u00ed ka\u017ed\u00fd den. Co te\u010f? Budete jezdit vlakem, co\u017e je neoperativn\u00ed a \u010dasov\u011b mnohdy zcela mimo osu va\u0161\u00ed \u010dinnosti? Od toho je tu autop\u016fj\u010dovna v Praze, aby zajistila pron\u00e1jem vozu v dobr\u00e9m technick\u00e9m stavu na nezbytn\u011b nutnou dobu, co bude vozidlo podrobov\u00e1no servisn\u00edmu z\u00e1sahu.Kdy\u017e se auto nevypl\u00e1c\u00edV dne\u0161n\u00ed dob\u011b nen\u00ed nic v\u00fdjime\u010dn\u00e9ho, kdy\u017e se v jedn\u00e9 rodin\u011b vyskytuj\u00ed t\u0159eba \u010dty\u0159i auta \u2013 dv\u011b osobn\u00ed auta pro oba partnery, a dal\u0161\u00ed dv\u011b vozidla pro podnikatelsk\u00e9 \u00fa\u010dely. N\u011bkomu se ale vlastnictv\u00ed vozidla nevyplat\u00ed, a to jak z ekonomick\u00fdch, tak i praktick\u00fdch d\u016fvod\u016f, zvl\u00e1\u0161t\u011b v Praze, kde se plat\u00ed pom\u011brn\u011b drah\u00e9 parkovn\u00e9. Jestli\u017ee cestujete do zam\u011bstn\u00e1n\u00ed t\u0159i stanice metrem, a nakupujete v\u011bt\u0161inou s dovozem zbo\u017e\u00ed p\u0159epravn\u00edmi slu\u017ebami a\u017e k domovn\u00edm dve\u0159\u00edm, automobil pak vyu\u017eijete t\u0159eba jen t\u0159ikr\u00e1t za p\u016fl roku k n\u011bjak\u00e9mu v\u00fdletu \u010di pro j\u00edzdu na dovolenou. Tehdy m\u00e1 op\u011bt sv\u016fj v\u00fdznam pra\u017esk\u00e1 autop\u016fj\u010dovna, kdy se nestar\u00e1te o povinn\u00e9 ru\u010den\u00ed, STK, n\u00e1hradn\u00ed d\u00edly a v\u00fdm\u011bny pneumatik a provozn\u00edch kapalin, ale pouze used\u00e1te za volant a pl\u00e1nujete trasu va\u0161\u00ed n\u00e1sledn\u00e9 j\u00edzdy.                                                                                                                                                                                                                                                                                                                                                                                          4.7\/5 - (4 votes)        "},{"@context":"https:\/\/schema.org\/","@type":"BreadcrumbList","itemListElement":[{"@type":"ListItem","position":1,"name":"Pro\u010d prosperuj\u00ed autop\u016fj\u010dovny","item":"https:\/\/www.koora.cz\/proc-prosperuji-autopujcovny\/#breadcrumbitem"}]}]