[{"@context":"https:\/\/schema.org\/","@type":"Article","@id":"https:\/\/www.koora.cz\/sila-bylinek\/#Article","mainEntityOfPage":"https:\/\/www.koora.cz\/sila-bylinek\/","headline":"S\u00edla bylinek","name":"S\u00edla bylinek","description":"Jste zast\u00e1ncem p\u0159\u00edrodn\u00ed l\u00e9\u010dby? Neradi p\u0159ij\u00edm\u00e1te r\u016fzn\u00e9 l\u00e9ky a tablety? Zkuste si pomoci p\u0159\u00edrodn\u00ed cestou. Takov\u00fd \u010daj z \u00fa\u017easn\u00e9 bylinky \u0161alv\u011bj V\u00e1m jist\u011b pom\u016f\u017ee. Pokud m\u00e1te probl\u00e9my s pocen\u00edm, bol\u00ed V\u00e1s v krku, m\u00e1te r\u00fdmu nebo ka\u0161el, tak tato bylinka bude pro V\u00e1s to prav\u00e9. Trp\u00edte nespavost\u00ed? M\u00e1te pocit, \u017ee jste vyzkou\u0161eli snad v\u0161echno na sv\u011bt\u011b a nic V\u00e1m nepomohlo? Vyzkou\u0161ejte \u0161alv\u011bj a uvid\u00edte, \u017ee se to za\u010dne zlep\u0161ovat. Pod\u00edvejte se na na\u0161i internetovou str\u00e1nku, kde si prolistujte n\u00e1\u0161 web a zjist\u011bte u\u017eite\u010dn\u00e9 informace. Vyzrajte nad nedokonalou plet\u00ed Jestli\u017ee V\u00e1m p\u0159\u00edroda nad\u011blila problematickou ple\u0165, tak nezoufejte. Tato z\u00e1zra\u010dn\u00e1 bylinka v\u00e1m <a class=\"read-more read-more-onhover\" href=\"https:\/\/www.koora.cz\/sila-bylinek\/\">Read More<\/a>","datePublished":"2023-10-19","dateModified":"2023-10-19","author":{"@type":"Person","@id":"https:\/\/www.koora.cz\/author\/#Person","name":"","url":"https:\/\/www.koora.cz\/author\/","identifier":1,"image":{"@type":"ImageObject","@id":"https:\/\/secure.gravatar.com\/avatar\/a414941ff2b86a79f1a70a433f21d60df00047fefe742a46b6fded139881a475?s=96&d=mm&r=g","url":"https:\/\/secure.gravatar.com\/avatar\/a414941ff2b86a79f1a70a433f21d60df00047fefe742a46b6fded139881a475?s=96&d=mm&r=g","height":96,"width":96}},"publisher":{"@type":"Organization","name":"koora.cz","logo":{"@type":"ImageObject","@id":"\/logo.png","url":"\/logo.png","width":600,"height":60}},"url":"https:\/\/www.koora.cz\/sila-bylinek\/","wordCount":251,"articleBody":"Jste zast\u00e1ncem p\u0159\u00edrodn\u00ed l\u00e9\u010dby? Neradi p\u0159ij\u00edm\u00e1te r\u016fzn\u00e9 l\u00e9ky a tablety? Zkuste si pomoci p\u0159\u00edrodn\u00ed cestou. Takov\u00fd \u010daj z \u00fa\u017easn\u00e9 bylinky \u0161alv\u011bj V\u00e1m jist\u011b pom\u016f\u017ee. Pokud m\u00e1te probl\u00e9my s pocen\u00edm, bol\u00ed V\u00e1s v krku, m\u00e1te r\u00fdmu nebo ka\u0161el, tak tato bylinka bude pro V\u00e1s to prav\u00e9. Trp\u00edte nespavost\u00ed? M\u00e1te pocit, \u017ee jste vyzkou\u0161eli snad v\u0161echno na sv\u011bt\u011b a nic V\u00e1m nepomohlo? Vyzkou\u0161ejte \u0161alv\u011bj a uvid\u00edte, \u017ee se to za\u010dne zlep\u0161ovat. Pod\u00edvejte se na na\u0161i internetovou str\u00e1nku, kde si prolistujte n\u00e1\u0161 web a zjist\u011bte u\u017eite\u010dn\u00e9 informace.Vyzrajte nad nedokonalou plet\u00edJestli\u017ee V\u00e1m p\u0159\u00edroda nad\u011blila problematickou ple\u0165, tak nezoufejte. Tato z\u00e1zra\u010dn\u00e1 bylinka v\u00e1m pom\u016f\u017ee. M\u00e1 uklid\u0148uj\u00edc\u00ed a \u010dist\u00edc\u00ed \u00fa\u010dinky, tak\u017ee Va\u0161e ple\u0165 bude vypadat kr\u00e1sn\u011b a zdrav\u011b a Vy se celkov\u011b budete c\u00edtit o hodn\u011b l\u00e9pe. D\u011blaj\u00ed se V\u00e1m na hlav\u011b lupy? Nevad\u00ed, proto\u017ee n\u00e1lev z t\u00e9to byliny V\u00e1m pom\u016f\u017ee lupy odstranit, nen\u00ed to skv\u011bl\u00e9? Tato bylinka je naprosto dokonal\u00e1. Hod\u00ed se snad na v\u0161echno, tak\u017ee ka\u017ed\u00e9mu z V\u00e1s pom\u016f\u017ee. Konzumaci by se m\u011bli vyhnout koj\u00edc\u00ed \u017eeny, proto\u017ee tato bylina obsahuje l\u00e1tky, kter\u00e9 sni\u017euj\u00ed tvorbu mate\u0159sk\u00e9ho ml\u00e9ka.                                                                                                                                                                                                                                                                                                                                                                                        4.1\/5 - (9 votes)        "},{"@context":"https:\/\/schema.org\/","@type":"BreadcrumbList","itemListElement":[{"@type":"ListItem","position":1,"name":"S\u00edla bylinek","item":"https:\/\/www.koora.cz\/sila-bylinek\/#breadcrumbitem"}]}]