[{"@context":"https:\/\/schema.org\/","@type":"Article","@id":"https:\/\/www.koora.cz\/uklid-presne-podle-vas\/#Article","mainEntityOfPage":"https:\/\/www.koora.cz\/uklid-presne-podle-vas\/","headline":"\u00daklid p\u0159esn\u011b podle v\u00e1s","name":"\u00daklid p\u0159esn\u011b podle v\u00e1s","description":"Ka\u017ed\u00fd z n\u00e1s m\u00e1 hodn\u011b sv\u00fdm probl\u00e9m\u016f a posledn\u00ed na co mysl\u00ed je nejsp\u00ed\u0161 \u00faklid. A\u010dkoliv se to nezd\u00e1, tak \u00faklid zabere mnoho \u010dasu a pokud \u017eijete v rodinn\u00e9m dom\u011b, tak m\u011b d\u00e1te ur\u010dit\u011b za pravdu. Jen si p\u0159edstavte, \u017ee m\u00e1te dvoupodla\u017en\u00ed rodinn\u00fd d\u016fm, kde mus\u00edte v\u0161ude um\u00fdt okna, ut\u0159\u00edt prach, nachystat v\u00e1no\u010dn\u00ed v\u00fdzdobu a dal\u0161\u00ed pr\u00e1ce. V\u0161echny tyto \u010dinnosti zaberou hromadu \u010dasu a je tak dobr\u00e9 si objednat firmu, kter\u00e9 tyto pr\u00e1ce nab\u00edz\u00ed. \u00daklidov\u00e1 firma nab\u00edz\u00ed: \u00daklid firem a kancel\u00e1\u0159\u00ed \u2013 Klasick\u00e9 \u00faklidov\u00e9 pr\u00e1ce, t\u00fdkaj\u00edc\u00ed se kancel\u00e1\u0159\u00ed. Jedn\u00e1 se o pravideln\u00e9 \u00faklidy, ale i jednor\u00e1zov\u00e9 pr\u00e1ce. Velkou v\u00fdhodou je, <a class=\"read-more read-more-onhover\" href=\"https:\/\/www.koora.cz\/uklid-presne-podle-vas\/\">Read More<\/a>","datePublished":"2023-11-14","dateModified":"2023-12-19","author":{"@type":"Person","@id":"https:\/\/www.koora.cz\/author\/#Person","name":"","url":"https:\/\/www.koora.cz\/author\/","identifier":1,"image":{"@type":"ImageObject","@id":"https:\/\/secure.gravatar.com\/avatar\/a414941ff2b86a79f1a70a433f21d60df00047fefe742a46b6fded139881a475?s=96&d=mm&r=g","url":"https:\/\/secure.gravatar.com\/avatar\/a414941ff2b86a79f1a70a433f21d60df00047fefe742a46b6fded139881a475?s=96&d=mm&r=g","height":96,"width":96}},"publisher":{"@type":"Organization","name":"koora.cz","logo":{"@type":"ImageObject","@id":"\/logo.png","url":"\/logo.png","width":600,"height":60}},"image":{"@type":"ImageObject","@id":"https:\/\/www.koora.cz\/wp-content\/uploads\/cleaning-3934664_1280_4.jpg","url":"https:\/\/www.koora.cz\/wp-content\/uploads\/cleaning-3934664_1280_4.jpg","height":0,"width":0},"url":"https:\/\/www.koora.cz\/uklid-presne-podle-vas\/","about":["Firmy"],"wordCount":394,"articleBody":"      Ka\u017ed\u00fd z n\u00e1s m\u00e1 hodn\u011b sv\u00fdm probl\u00e9m\u016f a posledn\u00ed na co mysl\u00ed je nejsp\u00ed\u0161 \u00faklid. A\u010dkoliv se to nezd\u00e1, tak \u00faklid zabere mnoho \u010dasu a pokud \u017eijete v rodinn\u00e9m dom\u011b, tak m\u011b d\u00e1te ur\u010dit\u011b za pravdu. Jen si p\u0159edstavte, \u017ee m\u00e1te dvoupodla\u017en\u00ed rodinn\u00fd d\u016fm, kde mus\u00edte v\u0161ude um\u00fdt okna, ut\u0159\u00edt prach, nachystat v\u00e1no\u010dn\u00ed v\u00fdzdobu a dal\u0161\u00ed pr\u00e1ce. V\u0161echny tyto \u010dinnosti zaberou hromadu \u010dasu a je tak dobr\u00e9 si objednat firmu, kter\u00e9 tyto pr\u00e1ce nab\u00edz\u00ed.\u00daklidov\u00e1 firma nab\u00edz\u00ed:\u00daklid firem a kancel\u00e1\u0159\u00ed \u2013 Klasick\u00e9 \u00faklidov\u00e9 pr\u00e1ce, t\u00fdkaj\u00edc\u00ed se kancel\u00e1\u0159\u00ed. Jedn\u00e1 se o pravideln\u00e9 \u00faklidy, ale i jednor\u00e1zov\u00e9 pr\u00e1ce. Velkou v\u00fdhodou je, \u017ee se s nimi domluv\u00edte na v\u0161ech podrobnostech. Firm\u011b nez\u00e1le\u017e\u00ed na velikosti objektu a je jedno, jak velkou firmu m\u00e1te.\u00daklid panelov\u00e9ho domu SVJ \u2013 Ka\u017ed\u00e1, kdo vlastn\u00ed svoj\u00ed bytovou jednotku, ale i ten co je v pron\u00e1jmu, tak nesn\u00e1\u0161\u00ed \u00faklid. A\u010dkoliv je \u00faklid jednou za \u010das, tak je v\u017edy v term\u00edn\u016f, kter\u00fd se v\u00e1m nehod\u00ed, nebo nem\u00e1te \u010das. V takov\u00e9m p\u0159\u00edpad\u011b je dobr\u00e9 navrhnout na sch\u016fzi, jestli nen\u00ed lep\u0161\u00ed volbou pr\u00e1v\u011b \u00faklidov\u00e1 firma, kter\u00e9 ud\u011bl\u00e1 v\u0161e za v\u00e1s. Nav\u00edc v\u0161e ud\u011bl\u00e1 pe\u010dliv\u011b a nikdo si nem\u016f\u017ee st\u011b\u017eovat, \u017ee je \u00faklid \u0161patn\u011b.\u00daklid po rekonstrukci \u2013 Jedn\u00e1 se v\u011bt\u0161inou o jednor\u00e1zov\u00fd \u00faklid po stavebn\u00edch prac\u00ed. Ka\u017ed\u00fd, kdo byl n\u011bkdy na stavb\u011b, tak v\u00ed, jak takov\u00e1 stavba vypad\u00e1 a pr\u00e1ce je zde opravdu dost. \u00daklid je tak velice dobr\u00e9 zpest\u0159en\u00ed, proto\u017ee po celodenn\u00ed pr\u00e1ci na stavb\u011b toho m\u00e1te opravdu dost.\u010ci\u0161t\u011bn\u00ed n\u00e1bytku \u2013 Tato firma poskytuje i \u010di\u0161t\u011bn\u00ed n\u00e1bytku a koberc\u016f. Pokud tedy m\u00e1te doma \u0161pinavou nebo za\u0161lou seda\u010dku, tak nev\u00e1hejte a zkuste oslovit tuto firmu. Nebudete litovat a va\u0161i seda\u010dku po n\u00e1vratu ani nepozn\u00e1te. Nevyhazujte tak seda\u010dku, kter\u00e1 se tv\u00e1\u0159\u00ed sta\u0159e.Pokud tedy pot\u0159ebujete jakoukoliv pomoc s \u00faklidem, tak zvolte pr\u00e1v\u011b tuto firmu. Nebudete litovat a s jejich prac\u00ed budete nadm\u00edru spokojeni, stejn\u011b jako mnoho dal\u0161\u00edch, co firmu vyu\u017eili.                                                                                                                                                                                                                                                                                                                                                                                          4.6\/5 - (9 votes)        "},{"@context":"https:\/\/schema.org\/","@type":"BreadcrumbList","itemListElement":[{"@type":"ListItem","position":1,"name":"\u00daklid p\u0159esn\u011b podle v\u00e1s","item":"https:\/\/www.koora.cz\/uklid-presne-podle-vas\/#breadcrumbitem"}]}]