[{"@context":"https:\/\/schema.org\/","@type":"Article","@id":"https:\/\/www.koora.cz\/zavesy\/#Article","mainEntityOfPage":"https:\/\/www.koora.cz\/zavesy\/","headline":"Z\u00e1v\u011bsy","name":"Z\u00e1v\u011bsy","description":"M\u00e1te interi\u00e9r v \u010dernob\u00edl\u00e9 barv\u011b a hled\u00e1te n\u011bco, \u010d\u00edm byste ho trochu rozveselili? M\u011blo by to b\u00fdt lehce udr\u017eovateln\u00e9 a m\u011bniteln\u00e9, skoro podle n\u00e1lady? A co takov\u00e9 z\u00e1v\u011bsy? Spl\u0148uj\u00ed ve\u0161ker\u00e1 Va\u0161e krit\u00e9ria? Z\u00e1v\u011bsy jsou klasika, znaly u\u017e je na\u0161e babi\u010dky a prababi\u010dky. V minulosti m\u011bli p\u0159edev\u0161\u00edm praktick\u00fd \u00fakol &#8211; zatemnit interi\u00e9r od sv\u011btla a slune\u010dn\u00edch paprsk\u016f. V sou\u010dasnosti se st\u00e1le v\u00edce hled\u00ed na jejich design, materi\u00e1l apod. Garny\u017ee U\u017e jste si vybrali z\u00e1v\u011bsy a nem\u00e1te je na co pov\u011bsit? Pak nutn\u011b pot\u0159ebujete garny\u017ee. V nab\u00eddce m\u00e1me garny\u017ee kovov\u00e9, d\u0159ev\u011bn\u00e9, luxusn\u00ed i oby\u010dejn\u00e9 hlin\u00edkov\u00e9 kolejnice. Vyb\u00edrat m\u016f\u017eete z \u0159ady barev i <a class=\"read-more read-more-onhover\" href=\"https:\/\/www.koora.cz\/zavesy\/\">Read More<\/a>","datePublished":"2025-04-23","dateModified":"2025-04-23","author":{"@type":"Person","@id":"https:\/\/www.koora.cz\/author\/#Person","name":"","url":"https:\/\/www.koora.cz\/author\/","identifier":1,"image":{"@type":"ImageObject","@id":"https:\/\/secure.gravatar.com\/avatar\/a414941ff2b86a79f1a70a433f21d60df00047fefe742a46b6fded139881a475?s=96&d=mm&r=g","url":"https:\/\/secure.gravatar.com\/avatar\/a414941ff2b86a79f1a70a433f21d60df00047fefe742a46b6fded139881a475?s=96&d=mm&r=g","height":96,"width":96}},"publisher":{"@type":"Organization","name":"koora.cz","logo":{"@type":"ImageObject","@id":"\/logo.png","url":"\/logo.png","width":600,"height":60}},"url":"https:\/\/www.koora.cz\/zavesy\/","wordCount":178,"articleBody":"M\u00e1te interi\u00e9r v \u010dernob\u00edl\u00e9 barv\u011b a hled\u00e1te n\u011bco, \u010d\u00edm byste ho trochu rozveselili? M\u011blo by to b\u00fdt lehce udr\u017eovateln\u00e9 a m\u011bniteln\u00e9, skoro podle n\u00e1lady? A co takov\u00e9 z\u00e1v\u011bsy? Spl\u0148uj\u00ed ve\u0161ker\u00e1 Va\u0161e krit\u00e9ria?Z\u00e1v\u011bsy jsou klasika, znaly u\u017e je na\u0161e babi\u010dky a prababi\u010dky. V minulosti m\u011bli p\u0159edev\u0161\u00edm praktick\u00fd \u00fakol &#8211; zatemnit interi\u00e9r od sv\u011btla a slune\u010dn\u00edch paprsk\u016f. V sou\u010dasnosti se st\u00e1le v\u00edce hled\u00ed na jejich design, materi\u00e1l apod.Garny\u017eeU\u017e jste si vybrali z\u00e1v\u011bsy a nem\u00e1te je na co pov\u011bsit? Pak nutn\u011b pot\u0159ebujete garny\u017ee. V nab\u00eddce m\u00e1me garny\u017ee kovov\u00e9, d\u0159ev\u011bn\u00e9, luxusn\u00ed i oby\u010dejn\u00e9 hlin\u00edkov\u00e9 kolejnice. Vyb\u00edrat m\u016f\u017eete z \u0159ady barev i rozm\u011br\u016f. Nab\u00edz\u00edme barvy jako mosaz, nerez, chrom, \u010dern\u00fd a b\u00edl\u00fd lak u kovov\u00fdch garny\u017e\u00ed a dub, ol\u0161e a dal\u0161\u00ed u garny\u017e\u00ed d\u0159ev\u011bn\u00fdch.                                                                                                                                                                                                                                                                                                                                                                                                "},{"@context":"https:\/\/schema.org\/","@type":"BreadcrumbList","itemListElement":[{"@type":"ListItem","position":1,"name":"Z\u00e1v\u011bsy","item":"https:\/\/www.koora.cz\/zavesy\/#breadcrumbitem"}]}]